{"id":15284,"date":"2026-08-25T14:33:52","date_gmt":"2026-08-25T12:33:52","guid":{"rendered":"https:\/\/www.uhrenmuseum-glashuette.com\/?p=15284"},"modified":"2026-08-25T14:45:51","modified_gmt":"2026-08-25T12:45:51","slug":"the-peace-ride-in-glashuette","status":"publish","type":"post","link":"https:\/\/www.uhrenmuseum-glashuette.com\/en\/the-peace-ride-in-glashuette\/","title":{"rendered":"The Peace Ride in Glash\u00fctte"},"content":{"rendered":"<p>On September 12, 2026, the &#8220;European Peace Ride&#8221; will come to Glash\u00fctte and make a stop at the Watch Museum between 2:00 p.m. and 3:00 p.m. This tour for cyclists is a new edition of the Peace Ride, which once thrilled an audience of millions. However, the European Peace Ride, which has been around since 2021, is not competitive in nature.<\/p>\n<p><strong>European Peace Ride: <a href=\"https:\/\/peace-ride.com\/en\">https:\/\/peace-ride.com\/en<\/a><\/strong><\/p>\n<p>The connection between the Peace Ride and Glash\u00fctte already existed. On April 25 and 26, 1965, the GDR Peace Ride team led by its captain Klaus Ampler was a guest in our town. The background to this was the start of a major advertising campaign by the watch companies in Glash\u00fctte and Ruhla. The newly released wristwatch models &#8220;Spezimatic&#8221; from Glash\u00fctte and &#8220;Ruhla-electric&#8221; were tested by the drivers on the Peace Ride. The motto of the advertising campaign &#8220;Contact with Time&#8221; was also present everywhere during the tour: at all stage locations on flags, posters, boards, scoreboards as well as on the caps, race bags and food bags of the GDR team. Other advertising materials such as printed peaked caps, balloons, scarves, postcards and yo-yo games were distributed on site. A travelling exhibition of the watch industry was shown at the award ceremonies. The campaign was continued in the following years.<\/p>\n<p>During the visit to Glash\u00fctte in 1965, the athletes did not miss the opportunity to take a look at the production of the VEB Glash\u00fctter Uhrenbetriebe. Many onlookers followed a small peace ride from Schlottwitz to Glash\u00fctte, in which the Glash\u00fctte youth competed for victory. Dear readers: perhaps one of you was there at the time and can still remember this special visit. Share these memories with us and visit the peloton between 2:00 p.m. and 3:00 p.m. at the refreshment and meeting station on the museum forecourt. At the same time, the museum is showing a small exhibition in the foyer with a number of photos and some exhibits that commemorate the visit 61 years ago.<\/p>\n<p><img loading=\"lazy\" decoding=\"async\" class=\"alignnone size-full wp-image-15264\" src=\"https:\/\/www.uhrenmuseum-glashuette.com\/wp-content\/uploads\/2026\/08\/Friedensfahrer-in-der-GUB-1965__2-scaled.jpg\" alt=\"\" width=\"2560\" height=\"1966\" srcset=\"https:\/\/www.uhrenmuseum-glashuette.com\/wp-content\/uploads\/2026\/08\/Friedensfahrer-in-der-GUB-1965__2-scaled.jpg 2560w, https:\/\/www.uhrenmuseum-glashuette.com\/wp-content\/uploads\/2026\/08\/Friedensfahrer-in-der-GUB-1965__2-300x230.jpg 300w, https:\/\/www.uhrenmuseum-glashuette.com\/wp-content\/uploads\/2026\/08\/Friedensfahrer-in-der-GUB-1965__2-1024x786.jpg 1024w, https:\/\/www.uhrenmuseum-glashuette.com\/wp-content\/uploads\/2026\/08\/Friedensfahrer-in-der-GUB-1965__2-600x461.jpg 600w\" sizes=\"auto, (max-width: 2560px) 100vw, 2560px\" \/><\/p>\n<p><img loading=\"lazy\" decoding=\"async\" class=\"alignnone size-full wp-image-15268\" src=\"https:\/\/www.uhrenmuseum-glashuette.com\/wp-content\/uploads\/2026\/08\/Friedensfahrer-Begleitfahrzeug.jpg\" alt=\"\" width=\"1039\" height=\"720\" srcset=\"https:\/\/www.uhrenmuseum-glashuette.com\/wp-content\/uploads\/2026\/08\/Friedensfahrer-Begleitfahrzeug.jpg 1039w, https:\/\/www.uhrenmuseum-glashuette.com\/wp-content\/uploads\/2026\/08\/Friedensfahrer-Begleitfahrzeug-300x208.jpg 300w, https:\/\/www.uhrenmuseum-glashuette.com\/wp-content\/uploads\/2026\/08\/Friedensfahrer-Begleitfahrzeug-1024x710.jpg 1024w, https:\/\/www.uhrenmuseum-glashuette.com\/wp-content\/uploads\/2026\/08\/Friedensfahrer-Begleitfahrzeug-600x416.jpg 600w\" sizes=\"auto, (max-width: 1039px) 100vw, 1039px\" \/><\/p>\n<p><img loading=\"lazy\" decoding=\"async\" class=\"alignnone size-full wp-image-15270\" src=\"https:\/\/www.uhrenmuseum-glashuette.com\/wp-content\/uploads\/2026\/08\/Specimatic-Ruhla-electric.jpg\" alt=\"\" width=\"1061\" height=\"720\" srcset=\"https:\/\/www.uhrenmuseum-glashuette.com\/wp-content\/uploads\/2026\/08\/Specimatic-Ruhla-electric.jpg 1061w, https:\/\/www.uhrenmuseum-glashuette.com\/wp-content\/uploads\/2026\/08\/Specimatic-Ruhla-electric-300x204.jpg 300w, https:\/\/www.uhrenmuseum-glashuette.com\/wp-content\/uploads\/2026\/08\/Specimatic-Ruhla-electric-1024x695.jpg 1024w, https:\/\/www.uhrenmuseum-glashuette.com\/wp-content\/uploads\/2026\/08\/Specimatic-Ruhla-electric-600x407.jpg 600w\" sizes=\"auto, (max-width: 1061px) 100vw, 1061px\" \/><\/p>\n<p><img loading=\"lazy\" decoding=\"async\" class=\"alignnone size-full wp-image-15272\" src=\"https:\/\/www.uhrenmuseum-glashuette.com\/wp-content\/uploads\/2026\/08\/Werbung-Friedensfahrt-1967__1-scaled.jpg\" alt=\"\" width=\"2560\" height=\"1848\" srcset=\"https:\/\/www.uhrenmuseum-glashuette.com\/wp-content\/uploads\/2026\/08\/Werbung-Friedensfahrt-1967__1-scaled.jpg 2560w, https:\/\/www.uhrenmuseum-glashuette.com\/wp-content\/uploads\/2026\/08\/Werbung-Friedensfahrt-1967__1-300x217.jpg 300w, https:\/\/www.uhrenmuseum-glashuette.com\/wp-content\/uploads\/2026\/08\/Werbung-Friedensfahrt-1967__1-1024x739.jpg 1024w, https:\/\/www.uhrenmuseum-glashuette.com\/wp-content\/uploads\/2026\/08\/Werbung-Friedensfahrt-1967__1-600x433.jpg 600w\" sizes=\"auto, (max-width: 2560px) 100vw, 2560px\" \/><\/p>\n<p><img loading=\"lazy\" decoding=\"async\" class=\"alignnone size-full wp-image-15274\" src=\"https:\/\/www.uhrenmuseum-glashuette.com\/wp-content\/uploads\/2026\/08\/kleine-Friedensfahrt-1965__1-scaled.jpg\" alt=\"\" width=\"2560\" height=\"1925\" srcset=\"https:\/\/www.uhrenmuseum-glashuette.com\/wp-content\/uploads\/2026\/08\/kleine-Friedensfahrt-1965__1-scaled.jpg 2560w, https:\/\/www.uhrenmuseum-glashuette.com\/wp-content\/uploads\/2026\/08\/kleine-Friedensfahrt-1965__1-300x226.jpg 300w, https:\/\/www.uhrenmuseum-glashuette.com\/wp-content\/uploads\/2026\/08\/kleine-Friedensfahrt-1965__1-1024x770.jpg 1024w, https:\/\/www.uhrenmuseum-glashuette.com\/wp-content\/uploads\/2026\/08\/kleine-Friedensfahrt-1965__1-600x451.jpg 600w\" sizes=\"auto, (max-width: 2560px) 100vw, 2560px\" \/><\/p>\n<p><img loading=\"lazy\" decoding=\"async\" class=\"alignnone size-full wp-image-15276\" src=\"https:\/\/www.uhrenmuseum-glashuette.com\/wp-content\/uploads\/2026\/08\/kleine-Friedensfahrt-1965__2-scaled.jpg\" alt=\"\" width=\"2560\" height=\"1676\" srcset=\"https:\/\/www.uhrenmuseum-glashuette.com\/wp-content\/uploads\/2026\/08\/kleine-Friedensfahrt-1965__2-scaled.jpg 2560w, https:\/\/www.uhrenmuseum-glashuette.com\/wp-content\/uploads\/2026\/08\/kleine-Friedensfahrt-1965__2-300x196.jpg 300w, https:\/\/www.uhrenmuseum-glashuette.com\/wp-content\/uploads\/2026\/08\/kleine-Friedensfahrt-1965__2-1024x670.jpg 1024w, https:\/\/www.uhrenmuseum-glashuette.com\/wp-content\/uploads\/2026\/08\/kleine-Friedensfahrt-1965__2-600x393.jpg 600w\" sizes=\"auto, (max-width: 2560px) 100vw, 2560px\" \/><\/p>\n<p><img loading=\"lazy\" decoding=\"async\" class=\"alignnone size-full wp-image-15278\" src=\"https:\/\/www.uhrenmuseum-glashuette.com\/wp-content\/uploads\/2026\/08\/Zuschauer-vor-der-Ingenieurschule-1965-scaled.jpg\" alt=\"\" width=\"2560\" height=\"1915\" srcset=\"https:\/\/www.uhrenmuseum-glashuette.com\/wp-content\/uploads\/2026\/08\/Zuschauer-vor-der-Ingenieurschule-1965-scaled.jpg 2560w, https:\/\/www.uhrenmuseum-glashuette.com\/wp-content\/uploads\/2026\/08\/Zuschauer-vor-der-Ingenieurschule-1965-300x224.jpg 300w, https:\/\/www.uhrenmuseum-glashuette.com\/wp-content\/uploads\/2026\/08\/Zuschauer-vor-der-Ingenieurschule-1965-1024x766.jpg 1024w, https:\/\/www.uhrenmuseum-glashuette.com\/wp-content\/uploads\/2026\/08\/Zuschauer-vor-der-Ingenieurschule-1965-600x449.jpg 600w\" sizes=\"auto, (max-width: 2560px) 100vw, 2560px\" \/><\/p>\n","protected":false},"excerpt":{"rendered":"<p>On September 12, 2026, the &#8220;European Peace Ride&#8221; will come to Glash\u00fctte and make a stop at the Watch Museum between 2:00 p.m. and 3:00 p.m. This tour for cyclists is a new edition of the Peace Ride, which once thrilled an audience of millions. However, the European Peace Ride, which has been around since&#8230;<\/p>\n","protected":false},"author":12,"featured_media":15262,"comment_status":"closed","ping_status":"open","sticky":false,"template":"","format":"standard","meta":{"_acf_changed":false,"_monsterinsights_skip_tracking":false,"_monsterinsights_sitenote_active":false,"_monsterinsights_sitenote_note":"","_monsterinsights_sitenote_category":0,"footnotes":""},"categories":[69],"tags":[],"class_list":["post-15284","post","type-post","status-publish","format-standard","has-post-thumbnail","hentry","category-news-en"],"acf":[],"yoast_head":"<!-- This site is optimized with the Yoast SEO plugin v24.3 - https:\/\/yoast.com\/wordpress\/plugins\/seo\/ -->\n<title>The Peace Ride in Glash\u00fctte | Deutsches Uhrenmuseum Glashuette<\/title>\n<meta name=\"robots\" content=\"index, follow, max-snippet:-1, max-image-preview:large, max-video-preview:-1\" \/>\n<link rel=\"canonical\" href=\"https:\/\/www.uhrenmuseum-glashuette.com\/en\/the-peace-ride-in-glashuette\/\" \/>\n<meta property=\"og:locale\" content=\"en_US\" \/>\n<meta property=\"og:type\" content=\"article\" \/>\n<meta property=\"og:title\" content=\"The Peace Ride in Glash\u00fctte | Deutsches Uhrenmuseum Glashuette\" \/>\n<meta property=\"og:description\" content=\"On September 12, 2026, the &#8220;European Peace Ride&#8221; will come to Glash\u00fctte and make a stop at the Watch Museum between 2:00 p.m. and 3:00 p.m. This tour for cyclists is a new edition of the Peace Ride, which once thrilled an audience of millions. However, the European Peace Ride, which has been around since...\" \/>\n<meta property=\"og:url\" content=\"https:\/\/www.uhrenmuseum-glashuette.com\/en\/the-peace-ride-in-glashuette\/\" \/>\n<meta property=\"og:site_name\" content=\"Deutsches Uhrenmuseum Glashuette\" \/>\n<meta property=\"article:published_time\" content=\"2026-08-25T12:33:52+00:00\" \/>\n<meta property=\"article:modified_time\" content=\"2026-08-25T12:45:51+00:00\" \/>\n<meta property=\"og:image\" content=\"https:\/\/www.uhrenmuseum-glashuette.com\/wp-content\/uploads\/2026\/08\/Friedensfahrer-in-Glashuette-1965.jpg\" \/>\n\t<meta property=\"og:image:width\" content=\"1075\" \/>\n\t<meta property=\"og:image:height\" content=\"720\" \/>\n\t<meta property=\"og:image:type\" content=\"image\/jpeg\" \/>\n<meta name=\"author\" content=\"Michael Hammer\" \/>\n<meta name=\"twitter:card\" content=\"summary_large_image\" \/>\n<meta name=\"twitter:label1\" content=\"Written by\" \/>\n\t<meta name=\"twitter:data1\" content=\"Michael Hammer\" \/>\n\t<meta name=\"twitter:label2\" content=\"Est. reading time\" \/>\n\t<meta name=\"twitter:data2\" content=\"4 minutes\" \/>\n<script type=\"application\/ld+json\" class=\"yoast-schema-graph\">{\"@context\":\"https:\/\/schema.org\",\"@graph\":[{\"@type\":\"Article\",\"@id\":\"https:\/\/www.uhrenmuseum-glashuette.com\/en\/the-peace-ride-in-glashuette\/#article\",\"isPartOf\":{\"@id\":\"https:\/\/www.uhrenmuseum-glashuette.com\/en\/the-peace-ride-in-glashuette\/\"},\"author\":{\"name\":\"Michael Hammer\",\"@id\":\"https:\/\/www.uhrenmuseum-glashuette.com\/#\/schema\/person\/79a2f3a843ce532dbccc9924ef3bc348\"},\"headline\":\"The Peace Ride in Glash\u00fctte\",\"datePublished\":\"2026-08-25T12:33:52+00:00\",\"dateModified\":\"2026-08-25T12:45:51+00:00\",\"mainEntityOfPage\":{\"@id\":\"https:\/\/www.uhrenmuseum-glashuette.com\/en\/the-peace-ride-in-glashuette\/\"},\"wordCount\":342,\"publisher\":{\"@id\":\"https:\/\/www.uhrenmuseum-glashuette.com\/#organization\"},\"image\":{\"@id\":\"https:\/\/www.uhrenmuseum-glashuette.com\/en\/the-peace-ride-in-glashuette\/#primaryimage\"},\"thumbnailUrl\":\"https:\/\/www.uhrenmuseum-glashuette.com\/wp-content\/uploads\/2026\/08\/Friedensfahrer-in-Glashuette-1965.jpg\",\"articleSection\":[\"News\"],\"inLanguage\":\"en-US\"},{\"@type\":\"WebPage\",\"@id\":\"https:\/\/www.uhrenmuseum-glashuette.com\/en\/the-peace-ride-in-glashuette\/\",\"url\":\"https:\/\/www.uhrenmuseum-glashuette.com\/en\/the-peace-ride-in-glashuette\/\",\"name\":\"The Peace Ride in Glash\u00fctte | Deutsches Uhrenmuseum Glashuette\",\"isPartOf\":{\"@id\":\"https:\/\/www.uhrenmuseum-glashuette.com\/#website\"},\"primaryImageOfPage\":{\"@id\":\"https:\/\/www.uhrenmuseum-glashuette.com\/en\/the-peace-ride-in-glashuette\/#primaryimage\"},\"image\":{\"@id\":\"https:\/\/www.uhrenmuseum-glashuette.com\/en\/the-peace-ride-in-glashuette\/#primaryimage\"},\"thumbnailUrl\":\"https:\/\/www.uhrenmuseum-glashuette.com\/wp-content\/uploads\/2026\/08\/Friedensfahrer-in-Glashuette-1965.jpg\",\"datePublished\":\"2026-08-25T12:33:52+00:00\",\"dateModified\":\"2026-08-25T12:45:51+00:00\",\"breadcrumb\":{\"@id\":\"https:\/\/www.uhrenmuseum-glashuette.com\/en\/the-peace-ride-in-glashuette\/#breadcrumb\"},\"inLanguage\":\"en-US\",\"potentialAction\":[{\"@type\":\"ReadAction\",\"target\":[\"https:\/\/www.uhrenmuseum-glashuette.com\/en\/the-peace-ride-in-glashuette\/\"]}]},{\"@type\":\"ImageObject\",\"inLanguage\":\"en-US\",\"@id\":\"https:\/\/www.uhrenmuseum-glashuette.com\/en\/the-peace-ride-in-glashuette\/#primaryimage\",\"url\":\"https:\/\/www.uhrenmuseum-glashuette.com\/wp-content\/uploads\/2026\/08\/Friedensfahrer-in-Glashuette-1965.jpg\",\"contentUrl\":\"https:\/\/www.uhrenmuseum-glashuette.com\/wp-content\/uploads\/2026\/08\/Friedensfahrer-in-Glashuette-1965.jpg\",\"width\":1075,\"height\":720},{\"@type\":\"BreadcrumbList\",\"@id\":\"https:\/\/www.uhrenmuseum-glashuette.com\/en\/the-peace-ride-in-glashuette\/#breadcrumb\",\"itemListElement\":[{\"@type\":\"ListItem\",\"position\":1,\"name\":\"Startseite\",\"item\":\"https:\/\/www.uhrenmuseum-glashuette.com\/en\/\"},{\"@type\":\"ListItem\",\"position\":2,\"name\":\"The Peace Ride in Glash\u00fctte\"}]},{\"@type\":\"WebSite\",\"@id\":\"https:\/\/www.uhrenmuseum-glashuette.com\/#website\",\"url\":\"https:\/\/www.uhrenmuseum-glashuette.com\/\",\"name\":\"Deutsches Uhrenmuseum Glashuette\",\"description\":\"\",\"publisher\":{\"@id\":\"https:\/\/www.uhrenmuseum-glashuette.com\/#organization\"},\"potentialAction\":[{\"@type\":\"SearchAction\",\"target\":{\"@type\":\"EntryPoint\",\"urlTemplate\":\"https:\/\/www.uhrenmuseum-glashuette.com\/?s={search_term_string}\"},\"query-input\":{\"@type\":\"PropertyValueSpecification\",\"valueRequired\":true,\"valueName\":\"search_term_string\"}}],\"inLanguage\":\"en-US\"},{\"@type\":\"Organization\",\"@id\":\"https:\/\/www.uhrenmuseum-glashuette.com\/#organization\",\"name\":\"Stiftung \\\"Deutsches Uhrenmuseum Glash\u00fctte \u2013 Nicolas G. Hayek\\\"\",\"alternateName\":\"Uhrenmuseum Glash\u00fctte\",\"url\":\"https:\/\/www.uhrenmuseum-glashuette.com\/\",\"logo\":{\"@type\":\"ImageObject\",\"inLanguage\":\"en-US\",\"@id\":\"https:\/\/www.uhrenmuseum-glashuette.com\/#\/schema\/logo\/image\/\",\"url\":\"https:\/\/www.uhrenmuseum-glashuette.com\/wp-content\/uploads\/2020\/01\/cropped-StiftungDeutschesUhrenmuseumGlashuette-Web-Icon_.png\",\"contentUrl\":\"https:\/\/www.uhrenmuseum-glashuette.com\/wp-content\/uploads\/2020\/01\/cropped-StiftungDeutschesUhrenmuseumGlashuette-Web-Icon_.png\",\"width\":512,\"height\":512,\"caption\":\"Stiftung \\\"Deutsches Uhrenmuseum Glash\u00fctte \u2013 Nicolas G. Hayek\\\"\"},\"image\":{\"@id\":\"https:\/\/www.uhrenmuseum-glashuette.com\/#\/schema\/logo\/image\/\"}},{\"@type\":\"Person\",\"@id\":\"https:\/\/www.uhrenmuseum-glashuette.com\/#\/schema\/person\/79a2f3a843ce532dbccc9924ef3bc348\",\"name\":\"Michael Hammer\",\"image\":{\"@type\":\"ImageObject\",\"inLanguage\":\"en-US\",\"@id\":\"https:\/\/www.uhrenmuseum-glashuette.com\/#\/schema\/person\/image\/\",\"url\":\"https:\/\/secure.gravatar.com\/avatar\/860ec0a74be8b9c39bf5b436253a57da4eb071bc5a8ea9f0ca44cdf55c2101f1?s=96&d=mm&r=g\",\"contentUrl\":\"https:\/\/secure.gravatar.com\/avatar\/860ec0a74be8b9c39bf5b436253a57da4eb071bc5a8ea9f0ca44cdf55c2101f1?s=96&d=mm&r=g\",\"caption\":\"Michael Hammer\"},\"url\":\"https:\/\/www.uhrenmuseum-glashuette.com\/en\/author\/glashuette1\/\"}]}<\/script>\n<!-- \/ Yoast SEO plugin. -->","yoast_head_json":{"title":"The Peace Ride in Glash\u00fctte | Deutsches Uhrenmuseum Glashuette","robots":{"index":"index","follow":"follow","max-snippet":"max-snippet:-1","max-image-preview":"max-image-preview:large","max-video-preview":"max-video-preview:-1"},"canonical":"https:\/\/www.uhrenmuseum-glashuette.com\/en\/the-peace-ride-in-glashuette\/","og_locale":"en_US","og_type":"article","og_title":"The Peace Ride in Glash\u00fctte | Deutsches Uhrenmuseum Glashuette","og_description":"On September 12, 2026, the &#8220;European Peace Ride&#8221; will come to Glash\u00fctte and make a stop at the Watch Museum between 2:00 p.m. and 3:00 p.m. This tour for cyclists is a new edition of the Peace Ride, which once thrilled an audience of millions. However, the European Peace Ride, which has been around since...","og_url":"https:\/\/www.uhrenmuseum-glashuette.com\/en\/the-peace-ride-in-glashuette\/","og_site_name":"Deutsches Uhrenmuseum Glashuette","article_published_time":"2026-08-25T12:33:52+00:00","article_modified_time":"2026-08-25T12:45:51+00:00","og_image":[{"width":1075,"height":720,"url":"https:\/\/www.uhrenmuseum-glashuette.com\/wp-content\/uploads\/2026\/08\/Friedensfahrer-in-Glashuette-1965.jpg","type":"image\/jpeg"}],"author":"Michael Hammer","twitter_card":"summary_large_image","twitter_misc":{"Written by":"Michael Hammer","Est. reading time":"4 minutes"},"schema":{"@context":"https:\/\/schema.org","@graph":[{"@type":"Article","@id":"https:\/\/www.uhrenmuseum-glashuette.com\/en\/the-peace-ride-in-glashuette\/#article","isPartOf":{"@id":"https:\/\/www.uhrenmuseum-glashuette.com\/en\/the-peace-ride-in-glashuette\/"},"author":{"name":"Michael Hammer","@id":"https:\/\/www.uhrenmuseum-glashuette.com\/#\/schema\/person\/79a2f3a843ce532dbccc9924ef3bc348"},"headline":"The Peace Ride in Glash\u00fctte","datePublished":"2026-08-25T12:33:52+00:00","dateModified":"2026-08-25T12:45:51+00:00","mainEntityOfPage":{"@id":"https:\/\/www.uhrenmuseum-glashuette.com\/en\/the-peace-ride-in-glashuette\/"},"wordCount":342,"publisher":{"@id":"https:\/\/www.uhrenmuseum-glashuette.com\/#organization"},"image":{"@id":"https:\/\/www.uhrenmuseum-glashuette.com\/en\/the-peace-ride-in-glashuette\/#primaryimage"},"thumbnailUrl":"https:\/\/www.uhrenmuseum-glashuette.com\/wp-content\/uploads\/2026\/08\/Friedensfahrer-in-Glashuette-1965.jpg","articleSection":["News"],"inLanguage":"en-US"},{"@type":"WebPage","@id":"https:\/\/www.uhrenmuseum-glashuette.com\/en\/the-peace-ride-in-glashuette\/","url":"https:\/\/www.uhrenmuseum-glashuette.com\/en\/the-peace-ride-in-glashuette\/","name":"The Peace Ride in Glash\u00fctte | Deutsches Uhrenmuseum Glashuette","isPartOf":{"@id":"https:\/\/www.uhrenmuseum-glashuette.com\/#website"},"primaryImageOfPage":{"@id":"https:\/\/www.uhrenmuseum-glashuette.com\/en\/the-peace-ride-in-glashuette\/#primaryimage"},"image":{"@id":"https:\/\/www.uhrenmuseum-glashuette.com\/en\/the-peace-ride-in-glashuette\/#primaryimage"},"thumbnailUrl":"https:\/\/www.uhrenmuseum-glashuette.com\/wp-content\/uploads\/2026\/08\/Friedensfahrer-in-Glashuette-1965.jpg","datePublished":"2026-08-25T12:33:52+00:00","dateModified":"2026-08-25T12:45:51+00:00","breadcrumb":{"@id":"https:\/\/www.uhrenmuseum-glashuette.com\/en\/the-peace-ride-in-glashuette\/#breadcrumb"},"inLanguage":"en-US","potentialAction":[{"@type":"ReadAction","target":["https:\/\/www.uhrenmuseum-glashuette.com\/en\/the-peace-ride-in-glashuette\/"]}]},{"@type":"ImageObject","inLanguage":"en-US","@id":"https:\/\/www.uhrenmuseum-glashuette.com\/en\/the-peace-ride-in-glashuette\/#primaryimage","url":"https:\/\/www.uhrenmuseum-glashuette.com\/wp-content\/uploads\/2026\/08\/Friedensfahrer-in-Glashuette-1965.jpg","contentUrl":"https:\/\/www.uhrenmuseum-glashuette.com\/wp-content\/uploads\/2026\/08\/Friedensfahrer-in-Glashuette-1965.jpg","width":1075,"height":720},{"@type":"BreadcrumbList","@id":"https:\/\/www.uhrenmuseum-glashuette.com\/en\/the-peace-ride-in-glashuette\/#breadcrumb","itemListElement":[{"@type":"ListItem","position":1,"name":"Startseite","item":"https:\/\/www.uhrenmuseum-glashuette.com\/en\/"},{"@type":"ListItem","position":2,"name":"The Peace Ride in Glash\u00fctte"}]},{"@type":"WebSite","@id":"https:\/\/www.uhrenmuseum-glashuette.com\/#website","url":"https:\/\/www.uhrenmuseum-glashuette.com\/","name":"Deutsches Uhrenmuseum Glashuette","description":"","publisher":{"@id":"https:\/\/www.uhrenmuseum-glashuette.com\/#organization"},"potentialAction":[{"@type":"SearchAction","target":{"@type":"EntryPoint","urlTemplate":"https:\/\/www.uhrenmuseum-glashuette.com\/?s={search_term_string}"},"query-input":{"@type":"PropertyValueSpecification","valueRequired":true,"valueName":"search_term_string"}}],"inLanguage":"en-US"},{"@type":"Organization","@id":"https:\/\/www.uhrenmuseum-glashuette.com\/#organization","name":"Stiftung \"Deutsches Uhrenmuseum Glash\u00fctte \u2013 Nicolas G. Hayek\"","alternateName":"Uhrenmuseum Glash\u00fctte","url":"https:\/\/www.uhrenmuseum-glashuette.com\/","logo":{"@type":"ImageObject","inLanguage":"en-US","@id":"https:\/\/www.uhrenmuseum-glashuette.com\/#\/schema\/logo\/image\/","url":"https:\/\/www.uhrenmuseum-glashuette.com\/wp-content\/uploads\/2020\/01\/cropped-StiftungDeutschesUhrenmuseumGlashuette-Web-Icon_.png","contentUrl":"https:\/\/www.uhrenmuseum-glashuette.com\/wp-content\/uploads\/2020\/01\/cropped-StiftungDeutschesUhrenmuseumGlashuette-Web-Icon_.png","width":512,"height":512,"caption":"Stiftung \"Deutsches Uhrenmuseum Glash\u00fctte \u2013 Nicolas G. Hayek\""},"image":{"@id":"https:\/\/www.uhrenmuseum-glashuette.com\/#\/schema\/logo\/image\/"}},{"@type":"Person","@id":"https:\/\/www.uhrenmuseum-glashuette.com\/#\/schema\/person\/79a2f3a843ce532dbccc9924ef3bc348","name":"Michael Hammer","image":{"@type":"ImageObject","inLanguage":"en-US","@id":"https:\/\/www.uhrenmuseum-glashuette.com\/#\/schema\/person\/image\/","url":"https:\/\/secure.gravatar.com\/avatar\/860ec0a74be8b9c39bf5b436253a57da4eb071bc5a8ea9f0ca44cdf55c2101f1?s=96&d=mm&r=g","contentUrl":"https:\/\/secure.gravatar.com\/avatar\/860ec0a74be8b9c39bf5b436253a57da4eb071bc5a8ea9f0ca44cdf55c2101f1?s=96&d=mm&r=g","caption":"Michael Hammer"},"url":"https:\/\/www.uhrenmuseum-glashuette.com\/en\/author\/glashuette1\/"}]}},"_links":{"self":[{"href":"https:\/\/www.uhrenmuseum-glashuette.com\/en\/wp-json\/wp\/v2\/posts\/15284","targetHints":{"allow":["GET"]}}],"collection":[{"href":"https:\/\/www.uhrenmuseum-glashuette.com\/en\/wp-json\/wp\/v2\/posts"}],"about":[{"href":"https:\/\/www.uhrenmuseum-glashuette.com\/en\/wp-json\/wp\/v2\/types\/post"}],"author":[{"embeddable":true,"href":"https:\/\/www.uhrenmuseum-glashuette.com\/en\/wp-json\/wp\/v2\/users\/12"}],"replies":[{"embeddable":true,"href":"https:\/\/www.uhrenmuseum-glashuette.com\/en\/wp-json\/wp\/v2\/comments?post=15284"}],"version-history":[{"count":3,"href":"https:\/\/www.uhrenmuseum-glashuette.com\/en\/wp-json\/wp\/v2\/posts\/15284\/revisions"}],"predecessor-version":[{"id":15287,"href":"https:\/\/www.uhrenmuseum-glashuette.com\/en\/wp-json\/wp\/v2\/posts\/15284\/revisions\/15287"}],"wp:featuredmedia":[{"embeddable":true,"href":"https:\/\/www.uhrenmuseum-glashuette.com\/en\/wp-json\/wp\/v2\/media\/15262"}],"wp:attachment":[{"href":"https:\/\/www.uhrenmuseum-glashuette.com\/en\/wp-json\/wp\/v2\/media?parent=15284"}],"wp:term":[{"taxonomy":"category","embeddable":true,"href":"https:\/\/www.uhrenmuseum-glashuette.com\/en\/wp-json\/wp\/v2\/categories?post=15284"},{"taxonomy":"post_tag","embeddable":true,"href":"https:\/\/www.uhrenmuseum-glashuette.com\/en\/wp-json\/wp\/v2\/tags?post=15284"}],"curies":[{"name":"wp","href":"https:\/\/api.w.org\/{rel}","templated":true}]}}